{"id":2237,"date":"2020-05-15T15:26:50","date_gmt":"2020-05-15T13:26:50","guid":{"rendered":"https:\/\/epse.umh.es\/?p=2237"},"modified":"2020-05-15T15:27:49","modified_gmt":"2020-05-15T13:27:49","slug":"abierto-el-primer-plazo-de-preinscripcion-hasta-el-26-de-junio-de-la-xvii-edicion-del-master-universitario-en-administracion-y-direccion-de-empresas-mba-2020-2021","status":"publish","type":"post","link":"https:\/\/epse.umh.es\/ca\/2020\/05\/15\/abierto-el-primer-plazo-de-preinscripcion-hasta-el-26-de-junio-de-la-xvii-edicion-del-master-universitario-en-administracion-y-direccion-de-empresas-mba-2020-2021\/","title":{"rendered":"Abierto el primer plazo de preinscripci\u00f3n hasta el 26 de junio de la XVII edici\u00f3n del M\u00c1STER UNIVERSITARIO EN ADMINISTRACI\u00d3N Y DIRECCI\u00d3N DE EMPRESAS &#8211; MBA 2020 \u2013 2021"},"content":{"rendered":"<p class=\"qtranxs-available-languages-message qtranxs-available-languages-message-ca\">Ho sentim, aquesta entrada es troba disponible \u00fanicament en <a href=\"https:\/\/epse.umh.es\/es\/wp-json\/wp\/v2\/posts\/2237\" class=\"qtranxs-available-language-link qtranxs-available-language-link-es\" title=\"Espa\u00f1ol\">Espanyol Europeu<\/a>.<\/p>","protected":false},"excerpt":{"rendered":"<p>Ho sentim, aquesta entrada es troba disponible \u00fanicament en Espanyol Europeu.<\/p>\n","protected":false},"author":1705,"featured_media":0,"comment_status":"closed","ping_status":"open","sticky":false,"template":"","format":"standard","meta":{"_links_to":"","_links_to_target":""},"categories":[1],"tags":[],"_links":{"self":[{"href":"https:\/\/epse.umh.es\/ca\/wp-json\/wp\/v2\/posts\/2237"}],"collection":[{"href":"https:\/\/epse.umh.es\/ca\/wp-json\/wp\/v2\/posts"}],"about":[{"href":"https:\/\/epse.umh.es\/ca\/wp-json\/wp\/v2\/types\/post"}],"author":[{"embeddable":true,"href":"https:\/\/epse.umh.es\/ca\/wp-json\/wp\/v2\/users\/1705"}],"replies":[{"embeddable":true,"href":"https:\/\/epse.umh.es\/ca\/wp-json\/wp\/v2\/comments?post=2237"}],"version-history":[{"count":0,"href":"https:\/\/epse.umh.es\/ca\/wp-json\/wp\/v2\/posts\/2237\/revisions"}],"wp:attachment":[{"href":"https:\/\/epse.umh.es\/ca\/wp-json\/wp\/v2\/media?parent=2237"}],"wp:term":[{"taxonomy":"category","embeddable":true,"href":"https:\/\/epse.umh.es\/ca\/wp-json\/wp\/v2\/categories?post=2237"},{"taxonomy":"post_tag","embeddable":true,"href":"https:\/\/epse.umh.es\/ca\/wp-json\/wp\/v2\/tags?post=2237"}],"curies":[{"name":"wp","href":"https:\/\/api.w.org\/{rel}","templated":true}]}}