{"id":2498,"date":"2021-02-26T13:16:01","date_gmt":"2021-02-26T12:16:01","guid":{"rendered":"https:\/\/epse.umh.es\/?p=2498"},"modified":"2021-02-26T13:16:01","modified_gmt":"2021-02-26T12:16:01","slug":"premios-eficiencia-industrial-isover-2021","status":"publish","type":"post","link":"https:\/\/epse.umh.es\/ca\/2021\/02\/26\/premios-eficiencia-industrial-isover-2021\/","title":{"rendered":"PREMIS EFICI\u00c8NCIA INDUSTRIAL ISOVER 2021"},"content":{"rendered":"<p><a href=\"https:\/\/epse.umh.es\/files\/2021\/02\/image001.jpg\"><img loading=\"lazy\" class=\"size-full wp-image-2499 alignleft\" src=\"https:\/\/epse.umh.es\/files\/2021\/02\/image001.jpg\" alt=\"\" width=\"424\" height=\"601\" srcset=\"https:\/\/epse.umh.es\/files\/2021\/02\/image001.jpg 424w, https:\/\/epse.umh.es\/files\/2021\/02\/image001-212x300.jpg 212w\" sizes=\"(max-width: 424px) 100vw, 424px\" \/><\/a>L&#8217;empresa ISOVER en col\u00b7laboraci\u00f3 amb ENDESA, ha convocat una nova edici\u00f3 dels PREMIS EFICI\u00c8NCIA INDUSTRIAL ISOVER 2021.<br \/>\nLa iniciativa pret\u00e9n augmentar la participaci\u00f3, col\u00b7laboraci\u00f3 i comprom\u00eds de tant alumnes, gestors d&#8217;Universitat, com a empreses privades com ara ISOVER i ENDESA en relaci\u00f3 amb l&#8217;efici\u00e8ncia energ\u00e8tica a la Ind\u00fastria, per tal de conscienciar encara m\u00e9s sobre principis b\u00e0sics que permetin el compliment dels objectius de l&#8217;Horitz\u00f3 2030 cap a una Ind\u00fastria baixa en carboni, i que serveixin de plataforma de difusi\u00f3 de les accions en contra de l&#8217;canvi clim\u00e0tic.<br \/>\nEn aquesta ocasi\u00f3 es tracta d&#8217;estudiar una Planta d&#8217;Emmagatzematge d&#8217;Energia d&#8217;Aire L\u00edquid (Laes) amb l&#8217;objectiu d&#8217;emmagatzemar els abocaments d&#8217;energies renovables a les hores d&#8217;exc\u00e9s de producci\u00f3 i el seu posterior aprofitament en els per\u00edodes en qu\u00e8 es requereixi aquesta energia .<br \/>\nEl repte d&#8217;aquest any 2021 \u00e9s proposar i avaluar diferents m\u00e8todes o sistemes, per millorar l&#8217;efici\u00e8ncia de la planta Laes, mitjan\u00e7ant la millora de l&#8217;rendiment de l&#8217;cicle t\u00e8rmic, introduint fonts addicionals de calor o fred t\u00e8rmic i tamb\u00e9 altres enfocaments per potenciar la producci\u00f3 de la unitat, aix\u00ed com l&#8217;aprofitament energ\u00e8tic posterior de l&#8217;emmagatzemament.<br \/>\nPer donar difusi\u00f3 a l&#8217;esdeveniment, el proper dimarts dia 2 de mar\u00e7 a les 18 h, tindr\u00e0 lloc una reuni\u00f3 virtual informativa a trav\u00e9s del seg\u00fcent enlla\u00e7 de Google Meet:<br \/>\nhttps:\/\/meet.google.com\/ftd-gfru-wwi<br \/>\nErnesto Scott, com a membre de l&#8217;entitat organitzadora (ISOVER), explicar\u00e0 en qu\u00e8 consisteix la iniciativa, quines s\u00f3n les condicions en qu\u00e8 es va a desenvolupar i compartir\u00e0 la seva experi\u00e8ncia personal com a participant en l&#8217;anterior edici\u00f3 dels premis.<\/p>","protected":false},"excerpt":{"rendered":"<p>L&#8217;empresa ISOVER en col\u00b7laboraci\u00f3 amb ENDESA, ha convocat una nova edici\u00f3 dels PREMIS EFICI\u00c8NCIA INDUSTRIAL ISOVER 2021.<br \/>\nLa iniciativa pret\u00e9n augmentar la participaci\u00f3, col\u00b7laboraci\u00f3 i comprom\u00eds de tant alumnes, gestors d&#8217;Universitat, com a empreses privades com ara ISOVER i ENDESA en relaci\u00f3 amb l&#8217;efici\u00e8ncia energ\u00e8tica a la Ind\u00fastria, per tal de conscienciar encara m\u00e9s sobre principis [&#8230;]<\/p>\n","protected":false},"author":1705,"featured_media":0,"comment_status":"closed","ping_status":"open","sticky":false,"template":"","format":"standard","meta":{"_links_to":"","_links_to_target":""},"categories":[566],"tags":[],"_links":{"self":[{"href":"https:\/\/epse.umh.es\/ca\/wp-json\/wp\/v2\/posts\/2498"}],"collection":[{"href":"https:\/\/epse.umh.es\/ca\/wp-json\/wp\/v2\/posts"}],"about":[{"href":"https:\/\/epse.umh.es\/ca\/wp-json\/wp\/v2\/types\/post"}],"author":[{"embeddable":true,"href":"https:\/\/epse.umh.es\/ca\/wp-json\/wp\/v2\/users\/1705"}],"replies":[{"embeddable":true,"href":"https:\/\/epse.umh.es\/ca\/wp-json\/wp\/v2\/comments?post=2498"}],"version-history":[{"count":0,"href":"https:\/\/epse.umh.es\/ca\/wp-json\/wp\/v2\/posts\/2498\/revisions"}],"wp:attachment":[{"href":"https:\/\/epse.umh.es\/ca\/wp-json\/wp\/v2\/media?parent=2498"}],"wp:term":[{"taxonomy":"category","embeddable":true,"href":"https:\/\/epse.umh.es\/ca\/wp-json\/wp\/v2\/categories?post=2498"},{"taxonomy":"post_tag","embeddable":true,"href":"https:\/\/epse.umh.es\/ca\/wp-json\/wp\/v2\/tags?post=2498"}],"curies":[{"name":"wp","href":"https:\/\/api.w.org\/{rel}","templated":true}]}}