{"id":3666,"date":"2024-10-06T22:16:46","date_gmt":"2024-10-06T20:16:46","guid":{"rendered":"https:\/\/epse.umh.es\/?p=3666"},"modified":"2024-10-06T22:17:30","modified_gmt":"2024-10-06T20:17:30","slug":"exito-de-la-primera-edicion-del-dia-de-san-gabriel-en-la-provincia-de-alicante-organizada-por-la-escuela-politecnica-superior-de-elche-y-colegio-de-ingenieros-de-telecomunicacion-de-la-comunidad-val","status":"publish","type":"post","link":"https:\/\/epse.umh.es\/ca\/2024\/10\/06\/exito-de-la-primera-edicion-del-dia-de-san-gabriel-en-la-provincia-de-alicante-organizada-por-la-escuela-politecnica-superior-de-elche-y-colegio-de-ingenieros-de-telecomunicacion-de-la-comunidad-val\/","title":{"rendered":"\u00c8xit de la primera edici\u00f3 del Dia de Sant Gabriel a la prov\u00edncia d&#8217;Alacant, organitzada per l&#8217;Escola Polit\u00e8cnica Superior d&#8217;Elx i el Col\u00b7legi d&#8217;Enginyers de Telecomunicaci\u00f3 de la Comunitat Valenciana"},"content":{"rendered":"<p><a href=\"https:\/\/epse.umh.es\/files\/2024\/10\/25An\u0303osTelecoSangabriel.jpeg\"><img loading=\"lazy\" class=\"aligncenter size-large wp-image-3669\" src=\"https:\/\/epse.umh.es\/files\/2024\/10\/25An\u0303osTelecoSangabriel-1024x497.jpeg\" alt=\"\" width=\"1024\" height=\"497\" srcset=\"https:\/\/epse.umh.es\/files\/2024\/10\/25An\u0303osTelecoSangabriel-1024x497.jpeg 1024w, https:\/\/epse.umh.es\/files\/2024\/10\/25An\u0303osTelecoSangabriel-300x146.jpeg 300w, https:\/\/epse.umh.es\/files\/2024\/10\/25An\u0303osTelecoSangabriel-768x373.jpeg 768w, https:\/\/epse.umh.es\/files\/2024\/10\/25An\u0303osTelecoSangabriel-1536x746.jpeg 1536w, https:\/\/epse.umh.es\/files\/2024\/10\/25An\u0303osTelecoSangabriel.jpeg 1600w\" sizes=\"(max-width: 1024px) 100vw, 1024px\" \/><\/a><\/p>\n<p>El 3 d&#8217;octubre es va celebrar per primera vegada a la provincia d&#8217;Alacant el Dia de San Gabriel, esdeveniment propi dels enginyers de telecomunicaci\u00f3, que en aquesta ocasi\u00f3 ha estat organitzat juntament amb l&#8217;Escola Polit\u00e8cnica Superior d&#8217;Elx de la Universidad Miguel Hern\u00e1ndez de Elche. (UMH) fent coincidir el 25 aniversario de la creaci\u00f3n de los estudios de ingenier\u00eda de telecomunicaciones en dicha en la Escuela Polit\u00e9cnica. El acto tuvo lugar en el nuevo edificio Valona de la UMH y reuni\u00f3n a m\u00e1s de 50 engenieros de telecomunicaci\u00f3n, con una participaci\u00f3n notable de \u00a0enginyers i enginyers de diverses promocions durant aquests 25 anys, el que demuestra una cohesi\u00f3 entre la professi\u00f3.<\/p>\n<p>&nbsp;<\/p>\n<p>El delegat del colegio en la provincia de Alicante, D. C\u00e9sar Morillas, va inaugurar l&#8217;esdeveniment destacant la import\u00e0ncia de fortalecer la pres\u00e8ncia del Colegio en la provincia, especialment en un moment en les institucions p\u00fabliques \u2014com els ajuntaments, diputacions i\u00a0 Generalitat\u2014 estan impulsant pol\u00edtiques per atraer talent i desenvolupar la ind\u00fastria tecnol\u00f2gica. Els enginyers de telecomunicaci\u00f3 van jugar un paper clau en la modernitzaci\u00f3 tecnol\u00f2gica de ciutats importants com a Alacant i Elx.<\/p>\n<p>&nbsp;<\/p>\n<p>Uno de los momentos destacados de la velada fue la intervenci\u00f3n del decano del Colegio de Ingenieros de Telecomunicaci\u00f3n de la Comunidad Valenciana, D. Sergio Riolobos Angl\u00e9s, quien va fer entrega de pins conmemoratius a aquells que portaven 25 anys col\u00b7legiats, aix\u00ed com als nous col\u00b7legiats. . Aquest gest subray\u00f3 el comprom\u00eds del Col\u00b7legi amb els seus membres i la celebraci\u00f3 de la seva traject\u00f2ria.<\/p>\n<p>&nbsp;<\/p>\n<p>Durant l&#8217;acte, la UMH va conmemorar els 25 anys de l&#8217;inici dels estudis de telecomunicacions a la universitat, el que va permetre el reencuentro d&#8217;enginyers de diverses promocions, potenciant el sentit de comunitat i orgullo professional.<\/p>\n<p>&nbsp;<\/p>\n<p>La nit va ser amenitzada per el Mago J, va oferir un espectacle de m\u00e0gia abans de fer un pas a una cena tipus c\u00f2ctel a la terrassa de l&#8217;edifici Valona, \u200b\u200bamb m\u00fasica en viu a la c\u00e0rrega del grup Los Ruinas. A la llarga de la velada, s&#8217;organitzen activitats per facilitar el networking entre els assistents, propiciant noves connexions professionals en un ambient dist\u00e8s.<\/p>\n<p>&nbsp;<\/p>\n<p>El tancament de l&#8217;acte corri\u00f3 a la c\u00e0rrega de D. Jos\u00e9 Mar\u00eda Sabater, director de l&#8217;Escola Polit\u00e8cnica Superior d&#8217;Elche de la UMH, quien destac\u00f3 la rellev\u00e0ncia d&#8217;aquest tipus d&#8217;esdeveniments per a refor\u00e7ar la col\u00b7laboraci\u00f3 entre la universitat i els professionals del sector, aix\u00ed com per a celebrar els assoliments assolits en l&#8217;\u00e0mbit de la telecomunicaci\u00f3.<\/p>\n<p>&nbsp;<\/p>\n<p>L&#8217;\u00e8xit d&#8217;aquesta primera edici\u00f3 del Dia de San Gabriel a la prov\u00edncia d&#8217;Alacant obre la porta a la qual la celebraci\u00f3 continua en els propers anys, consolidant-se com un esdeveniment clau per als enginyers de telecomunicaci\u00f3. La celebraci\u00f3 tradicional a Val\u00e8ncia tamb\u00e9 va tenir lloc el passat viernes, demostrant el comprom\u00eds del Col\u00b7legi per fomentar el desenvolupament del sector en tota la Comunitat Valenciana.<\/p>","protected":false},"excerpt":{"rendered":"<p>El 3 d&#8217;octubre es va celebrar per primera vegada a la provincia d&#8217;Alacant el Dia de San Gabriel, esdeveniment propi dels enginyers de telecomunicaci\u00f3, que en aquesta ocasi\u00f3 ha estat organitzat juntament amb l&#8217;Escola Polit\u00e8cnica Superior d&#8217;Elx de la Universidad Miguel Hern\u00e1ndez de Elche. (UMH) fent coincidir el 25 aniversario de la creaci\u00f3n de los [&#8230;]<\/p>\n","protected":false},"author":1705,"featured_media":0,"comment_status":"closed","ping_status":"open","sticky":false,"template":"","format":"standard","meta":{"_links_to":"","_links_to_target":""},"categories":[4047],"tags":[],"_links":{"self":[{"href":"https:\/\/epse.umh.es\/ca\/wp-json\/wp\/v2\/posts\/3666"}],"collection":[{"href":"https:\/\/epse.umh.es\/ca\/wp-json\/wp\/v2\/posts"}],"about":[{"href":"https:\/\/epse.umh.es\/ca\/wp-json\/wp\/v2\/types\/post"}],"author":[{"embeddable":true,"href":"https:\/\/epse.umh.es\/ca\/wp-json\/wp\/v2\/users\/1705"}],"replies":[{"embeddable":true,"href":"https:\/\/epse.umh.es\/ca\/wp-json\/wp\/v2\/comments?post=3666"}],"version-history":[{"count":0,"href":"https:\/\/epse.umh.es\/ca\/wp-json\/wp\/v2\/posts\/3666\/revisions"}],"wp:attachment":[{"href":"https:\/\/epse.umh.es\/ca\/wp-json\/wp\/v2\/media?parent=3666"}],"wp:term":[{"taxonomy":"category","embeddable":true,"href":"https:\/\/epse.umh.es\/ca\/wp-json\/wp\/v2\/categories?post=3666"},{"taxonomy":"post_tag","embeddable":true,"href":"https:\/\/epse.umh.es\/ca\/wp-json\/wp\/v2\/tags?post=3666"}],"curies":[{"name":"wp","href":"https:\/\/api.w.org\/{rel}","templated":true}]}}