{"id":586,"date":"2016-10-18T15:23:23","date_gmt":"2016-10-18T13:23:23","guid":{"rendered":"http:\/\/epse.umh.es\/?p=586"},"modified":"2016-10-18T15:23:23","modified_gmt":"2016-10-18T13:23:23","slug":"6a-edicion-del-programa-de-apoyo-a-emprendedores-maraton-de-creacion-de-empresas-umh","status":"publish","type":"post","link":"https:\/\/epse.umh.es\/ca\/2016\/10\/18\/6a-edicion-del-programa-de-apoyo-a-emprendedores-maraton-de-creacion-de-empresas-umh\/","title":{"rendered":"6a edici\u00f3 del programa de suport a emprenedors Marat\u00f3 de Creaci\u00f3 d&#8217;Empreses UMH"},"content":{"rendered":"<p><span id=\"result_box\" class=\"\" lang=\"ca\"><span title=\"La Nau ha puesto en marcha la 6\u00aa edici\u00f3n del programa de apoyo a emprendedores Marat\u00f3n de Creaci\u00f3n de Empresas UMH.\">La Nau ha posat en marxa la 6a edici\u00f3 del programa de suport a emprenedors Marat\u00f3 de Creaci\u00f3 d&#8217;Empreses UMH. <\/span><span title=\"Este programa est\u00e1 dirigido a cualquier persona de la Comunidad UMH que tenga una idea innovadora y quiera desarrollarla.\n\n\">Aquest programa est\u00e0 dirigit a qualsevol persona de la Comunitat UMH que tingui una idea innovadora i vulgui desenvolupar-la.<\/p>\n<p><\/span><span title=\"\u00bfQu\u00e9 ofrecemos?\n\n\">Qu\u00e8 oferim?<\/p>\n<p><\/span><span title=\"- Formaci\u00f3n pr\u00e1ctica en creaci\u00f3n y gesti\u00f3n de empresas\n\n\">&#8211; Formaci\u00f3 pr\u00e0ctica en creaci\u00f3 i gesti\u00f3 d&#8217;empreses<\/p>\n<p><\/span><span title=\"- Asesoramiento por parte de expertos\n\n\">&#8211; Assessorament per part d&#8217;experts<\/p>\n<p><\/span><span title=\"- Financiaci\u00f3n: hasta 70.000 euros a repartir entre las mejores ideas de negocio\n\n\">&#8211; Finan\u00e7ament: fins 70.000 euros a repartir entre les millors idees de negoci<\/p>\n<p><\/span><span title=\"El plazo de inscripci\u00f3n estar\u00e1 abierto hasta el pr\u00f3ximo lunes, 24 de octubre, a trav\u00e9s de la web www.maratonempresasumh.com.\n\n\">El termini d&#8217;inscripci\u00f3 estar\u00e0 obert fins dilluns que ve, 24 d&#8217;octubre, a trav\u00e9s del web www.maratonempresasumh.com.<\/p>\n<p><\/span><span title=\"Para conocer m\u00e1s detalles acerca de la Marat\u00f3n UMH ma\u00f1ana martes, 17 de octubre, tendr\u00e1 lugar una charla en el edificio Innova donde se explicar\u00e1n todos los detalles de este programa.\">Per con\u00e8ixer m\u00e9s detalls sobre la Marat\u00f3 UMH dem\u00e0 dimarts, 17 d&#8217;octubre, tindr\u00e0 lloc una xerrada a l&#8217;edifici Innova on s&#8217;explicaran tots els detalls d&#8217;aquest programa. <\/span><span title=\"Asimismo, representantes de Grupo Levantina expondr\u00e1n los retos y oportunidades que presenta el sector de la Piedra Natural para emprender en \u00e9l.\">Aix\u00ed mateix, representants de Grup Llevantina exposaran els reptes i oportunitats que presenta el sector de la Pedra Natural per emprendre en ell. <\/span><span title=\"Puede encontrar toda la informaci\u00f3n de esta sesi\u00f3n en www.naudelainnovacio.com\">Podeu trobar tota la informaci\u00f3 d&#8217;aquesta sessi\u00f3 en www.naudelainnovacio.com<\/span><\/span><\/p>","protected":false},"excerpt":{"rendered":"<p>La Nau ha posat en marxa la 6a edici\u00f3 del programa de suport a emprenedors Marat\u00f3 de Creaci\u00f3 d&#8217;Empreses UMH. Aquest programa est\u00e0 dirigit a qualsevol persona de la Comunitat UMH que tingui una idea innovadora i vulgui desenvolupar-la.<br \/>\nQu\u00e8 oferim?<br \/>\n&#8211; Formaci\u00f3 pr\u00e0ctica en creaci\u00f3 i gesti\u00f3 d&#8217;empreses<br \/>\n&#8211; Assessorament per part d&#8217;experts<br \/>\n&#8211; Finan\u00e7ament: fins 70.000 euros [&#8230;]<\/p>\n","protected":false},"author":1705,"featured_media":0,"comment_status":"closed","ping_status":"open","sticky":false,"template":"","format":"standard","meta":{"_links_to":"","_links_to_target":""},"categories":[566,631,633],"tags":[],"_links":{"self":[{"href":"https:\/\/epse.umh.es\/ca\/wp-json\/wp\/v2\/posts\/586"}],"collection":[{"href":"https:\/\/epse.umh.es\/ca\/wp-json\/wp\/v2\/posts"}],"about":[{"href":"https:\/\/epse.umh.es\/ca\/wp-json\/wp\/v2\/types\/post"}],"author":[{"embeddable":true,"href":"https:\/\/epse.umh.es\/ca\/wp-json\/wp\/v2\/users\/1705"}],"replies":[{"embeddable":true,"href":"https:\/\/epse.umh.es\/ca\/wp-json\/wp\/v2\/comments?post=586"}],"version-history":[{"count":0,"href":"https:\/\/epse.umh.es\/ca\/wp-json\/wp\/v2\/posts\/586\/revisions"}],"wp:attachment":[{"href":"https:\/\/epse.umh.es\/ca\/wp-json\/wp\/v2\/media?parent=586"}],"wp:term":[{"taxonomy":"category","embeddable":true,"href":"https:\/\/epse.umh.es\/ca\/wp-json\/wp\/v2\/categories?post=586"},{"taxonomy":"post_tag","embeddable":true,"href":"https:\/\/epse.umh.es\/ca\/wp-json\/wp\/v2\/tags?post=586"}],"curies":[{"name":"wp","href":"https:\/\/api.w.org\/{rel}","templated":true}]}}