{"id":666,"date":"2017-01-24T14:55:29","date_gmt":"2017-01-24T13:55:29","guid":{"rendered":"http:\/\/epse.umh.es\/?p=666"},"modified":"2017-01-24T14:55:29","modified_gmt":"2017-01-24T13:55:29","slug":"seminario-internacional-epse-como-escribir-articulos-cientificos-26-y-27-de-enero-de-2017","status":"publish","type":"post","link":"https:\/\/epse.umh.es\/ca\/2017\/01\/24\/seminario-internacional-epse-como-escribir-articulos-cientificos-26-y-27-de-enero-de-2017\/","title":{"rendered":"Seminari internacional EPSE: Com escriure articles cient\u00edfics (26 i 27 de gener del 2017)"},"content":{"rendered":"<p>ESCOLA POLIT\u00c8CNICA SUPERIOR D&#8217;ELX<\/p>\n<p>Cicle de Seminaris internacionals<br \/>\nCom escriure articles cient\u00edfics<\/p>\n<p>Els propers dies 26 i 27 de gener de 2017 s&#8217;ha impartir\u00e0 el seminari &#8220;Com escriure articles cient\u00edfics&#8221; a c\u00e0rrec del Dr. Jos\u00e9 Chilo, de la Universitat de G\u00e4vle (Su\u00e8cia).<br \/>\nEl seminari tindr\u00e0 lloc a la Sala de Graus de l&#8217;edifici Innova de 10: 00h a 13: 30h el dia 26 i de 9: 00h a 11:30 el divendres 27 de gener.<\/p>\n<p>El seminari est\u00e0 dirigit a doctorands i joves doctors que estiguin iniciant la seva activitat cient\u00edfica i vulguin adquirir habilitats que els ajudin en la redacci\u00f3 i publicaci\u00f3 de treballs cient\u00edfics. El seminari tindr\u00e0 una forta component pr\u00e0ctica i es contemplaran exemples de redacci\u00f3 i publicaci\u00f3.<br \/>\nPonent convidat:<br \/>\nEl professor Jos\u00e9 Chilo va obtenir el 1986 el grau en enginyeria industrial per la Universitat d&#8217;Arequipa, Per\u00fa, i el 2001 el grau en Enginyeria Electr\u00f2nica al Royal Institute of Technology (KTH) suec. Des de 1986 fins 1998 va treballar com a consultor en ind\u00fastries t\u00e8xtils, manufactureres i de transport, tant al Per\u00fa com a Su\u00e8cia. Va obtenir el grau de Doctor en F\u00edsica per la KTH en 2008, on va realitzar investigacions en el camp del processament del senyal, en particular sobre t\u00e8cniques avan\u00e7ades de mesura i classificaci\u00f3 d&#8217;esdeveniments. En l&#8217;actualitat \u00e9s professor i investigador a la Universitat de G\u00e4vle, Su\u00e8cia, i la seva activitat investigadora i docent actual se centra en les \u00e0rees de processament de senyal i telecomunicacions.<\/p>","protected":false},"excerpt":{"rendered":"<p>ESCOLA POLIT\u00c8CNICA SUPERIOR D&#8217;ELX<br \/>\nCicle de Seminaris internacionals<br \/>\nCom escriure articles cient\u00edfics<br \/>\nEls propers dies 26 i 27 de gener de 2017 s&#8217;ha impartir\u00e0 el seminari &#8220;Com escriure articles cient\u00edfics&#8221; a c\u00e0rrec del Dr. Jos\u00e9 Chilo, de la Universitat de G\u00e4vle (Su\u00e8cia).<br \/>\nEl seminari tindr\u00e0 lloc a la Sala de Graus de l&#8217;edifici Innova de 10: 00h a 13: [&#8230;]<\/p>\n","protected":false},"author":1059,"featured_media":0,"comment_status":"closed","ping_status":"open","sticky":false,"template":"","format":"standard","meta":{"_links_to":"","_links_to_target":""},"categories":[4047,20343,65,635,633,1],"tags":[],"_links":{"self":[{"href":"https:\/\/epse.umh.es\/ca\/wp-json\/wp\/v2\/posts\/666"}],"collection":[{"href":"https:\/\/epse.umh.es\/ca\/wp-json\/wp\/v2\/posts"}],"about":[{"href":"https:\/\/epse.umh.es\/ca\/wp-json\/wp\/v2\/types\/post"}],"author":[{"embeddable":true,"href":"https:\/\/epse.umh.es\/ca\/wp-json\/wp\/v2\/users\/1059"}],"replies":[{"embeddable":true,"href":"https:\/\/epse.umh.es\/ca\/wp-json\/wp\/v2\/comments?post=666"}],"version-history":[{"count":0,"href":"https:\/\/epse.umh.es\/ca\/wp-json\/wp\/v2\/posts\/666\/revisions"}],"wp:attachment":[{"href":"https:\/\/epse.umh.es\/ca\/wp-json\/wp\/v2\/media?parent=666"}],"wp:term":[{"taxonomy":"category","embeddable":true,"href":"https:\/\/epse.umh.es\/ca\/wp-json\/wp\/v2\/categories?post=666"},{"taxonomy":"post_tag","embeddable":true,"href":"https:\/\/epse.umh.es\/ca\/wp-json\/wp\/v2\/tags?post=666"}],"curies":[{"name":"wp","href":"https:\/\/api.w.org\/{rel}","templated":true}]}}