{"id":748,"date":"2017-04-03T16:35:28","date_gmt":"2017-04-03T14:35:28","guid":{"rendered":"http:\/\/epse.umh.es\/?p=748"},"modified":"2017-04-04T11:53:34","modified_gmt":"2017-04-04T09:53:34","slug":"grupo-torrecid-castellon-ofertas-de-empleo-y-practicas-para-ingenieros","status":"publish","type":"post","link":"https:\/\/epse.umh.es\/ca\/2017\/04\/03\/grupo-torrecid-castellon-ofertas-de-empleo-y-practicas-para-ingenieros\/","title":{"rendered":"Grup TORRECID (Castell\u00f3): Ofertes de treball i pr\u00e0ctiques per a Enginyers"},"content":{"rendered":"<p><a href=\"https:\/\/epse.umh.es\/files\/2017\/04\/company_logo.jpg\"><img loading=\"lazy\" class=\"alignnone size-full wp-image-750\" src=\"https:\/\/epse.umh.es\/files\/2017\/04\/company_logo.jpg\" alt=\"company_logo\" width=\"170\" height=\"59\" \/><\/a>\u00a0<img loading=\"lazy\" class=\"alignright wp-image-749\" src=\"https:\/\/epse.umh.es\/files\/2017\/04\/torrecid-worldwide-3.jpg\" width=\"650\" height=\"311\" srcset=\"https:\/\/epse.umh.es\/files\/2017\/04\/torrecid-worldwide-3.jpg 1920w, https:\/\/epse.umh.es\/files\/2017\/04\/torrecid-worldwide-3-300x143.jpg 300w, https:\/\/epse.umh.es\/files\/2017\/04\/torrecid-worldwide-3-768x367.jpg 768w, https:\/\/epse.umh.es\/files\/2017\/04\/torrecid-worldwide-3-1024x490.jpg 1024w\" sizes=\"(max-width: 650px) 100vw, 650px\" \/><\/p>\n<p>El Grup Torrecid \u00e9s una empresa amb seu a Alcora (Castell\u00f3) per\u00f2 en continu creixement a tot el m\u00f3n.<\/p>\n<p>Els seus empleats creixen personal i professionalment aprenent al costat dels millors professionals del sector.<\/p>\n<p>Torrecid t&#8217;obre les portes perqu\u00e8 puguis desenvolupar la teva carrera professional en totes les nostres empreses de tot el m\u00f3n.<br \/>\nLes diferents divisions et permetran canviar de l\u00ednia de negoci, de pa\u00eds o d&#8217;orientaci\u00f3 professional sense canviar d&#8217;empresa.<br \/>\nLa innovaci\u00f3 \u00e9s la clau del nostre \u00e8xit.<\/p>\n<p>CONSULTA LES OFERTES DE PR\u00c0CTIQUES I DE TREBALL DE TORRECID PUBLICADES AL OBSERVATORI OCUPACIONAL:<br \/>\n<a href=\"https:\/\/observatorio.umh.es\">https:\/\/observatorio.umh.es<\/a><\/p>\n<p>M\u00c9S INFORMACI\u00d3 DE L&#8217;EMPRESA (OFERTES D&#8217;OCUPACI\u00d3):<\/p>\n<p><a href=\"http:\/\/www.torrecid.com\/es\/human-resources\">http:\/\/www.torrecid.com\/es\/human-resources<\/a><\/p>\n<div><\/div>\n<div><\/div>\n<p><\/p>","protected":false},"excerpt":{"rendered":"<p>\u00a0<br \/>\nEl Grup Torrecid \u00e9s una empresa amb seu a Alcora (Castell\u00f3) per\u00f2 en continu creixement a tot el m\u00f3n.<br \/>\nEls seus empleats creixen personal i professionalment aprenent al costat dels millors professionals del sector.<br \/>\nTorrecid t&#8217;obre les portes perqu\u00e8 puguis desenvolupar la teva carrera professional en totes les nostres empreses de tot el m\u00f3n.<br \/>\nLes diferents divisions et [&#8230;]<\/p>\n","protected":false},"author":1059,"featured_media":0,"comment_status":"closed","ping_status":"open","sticky":false,"template":"","format":"standard","meta":{"_links_to":"","_links_to_target":""},"categories":[4047,567,632,566,65,635,1,634],"tags":[],"_links":{"self":[{"href":"https:\/\/epse.umh.es\/ca\/wp-json\/wp\/v2\/posts\/748"}],"collection":[{"href":"https:\/\/epse.umh.es\/ca\/wp-json\/wp\/v2\/posts"}],"about":[{"href":"https:\/\/epse.umh.es\/ca\/wp-json\/wp\/v2\/types\/post"}],"author":[{"embeddable":true,"href":"https:\/\/epse.umh.es\/ca\/wp-json\/wp\/v2\/users\/1059"}],"replies":[{"embeddable":true,"href":"https:\/\/epse.umh.es\/ca\/wp-json\/wp\/v2\/comments?post=748"}],"version-history":[{"count":0,"href":"https:\/\/epse.umh.es\/ca\/wp-json\/wp\/v2\/posts\/748\/revisions"}],"wp:attachment":[{"href":"https:\/\/epse.umh.es\/ca\/wp-json\/wp\/v2\/media?parent=748"}],"wp:term":[{"taxonomy":"category","embeddable":true,"href":"https:\/\/epse.umh.es\/ca\/wp-json\/wp\/v2\/categories?post=748"},{"taxonomy":"post_tag","embeddable":true,"href":"https:\/\/epse.umh.es\/ca\/wp-json\/wp\/v2\/tags?post=748"}],"curies":[{"name":"wp","href":"https:\/\/api.w.org\/{rel}","templated":true}]}}