{"id":766,"date":"2017-05-29T13:59:25","date_gmt":"2017-05-29T11:59:25","guid":{"rendered":"http:\/\/epse.umh.es\/?p=766"},"modified":"2017-05-29T14:15:51","modified_gmt":"2017-05-29T12:15:51","slug":"el-estudiante-del-master-en-ingenieria-de-telecomunicacion-juan-clement-bellido-ganador-del-premio-coit-aeit-al-mejor-trabajo-fin-de-master","status":"publish","type":"post","link":"https:\/\/epse.umh.es\/ca\/2017\/05\/29\/el-estudiante-del-master-en-ingenieria-de-telecomunicacion-juan-clement-bellido-ganador-del-premio-coit-aeit-al-mejor-trabajo-fin-de-master\/","title":{"rendered":"L&#8217;estudiant del M\u00e0ster en Enginyeria de Telecomunicaci\u00f3, Juan Clement Bellido guanyador del premi COIT-AEIT al Millor Treball Fi de M\u00e0ster"},"content":{"rendered":"<p><\/p>\n<p style=\"text-align: center\"><a href=\"https:\/\/epse.umh.es\/files\/2017\/05\/EPSE-3.jpg\"><img loading=\"lazy\" class=\"alignnone wp-image-769 size-medium\" src=\"https:\/\/epse.umh.es\/files\/2017\/05\/EPSE-3-300x225.jpg\" alt=\"EPSE 3\" width=\"300\" height=\"225\" srcset=\"https:\/\/epse.umh.es\/files\/2017\/05\/EPSE-3-300x225.jpg 300w, https:\/\/epse.umh.es\/files\/2017\/05\/EPSE-3-768x576.jpg 768w, https:\/\/epse.umh.es\/files\/2017\/05\/EPSE-3-1024x768.jpg 1024w\" sizes=\"(max-width: 300px) 100vw, 300px\" \/><\/a><a href=\"https:\/\/epse.umh.es\/files\/2017\/05\/EPSE-2.jpg\"><img loading=\"lazy\" class=\"alignnone size-medium wp-image-768\" src=\"https:\/\/epse.umh.es\/files\/2017\/05\/EPSE-2-300x225.jpg\" alt=\"EPSE 2\" width=\"300\" height=\"225\" srcset=\"https:\/\/epse.umh.es\/files\/2017\/05\/EPSE-2-300x225.jpg 300w, https:\/\/epse.umh.es\/files\/2017\/05\/EPSE-2-768x576.jpg 768w, https:\/\/epse.umh.es\/files\/2017\/05\/EPSE-2-1024x768.jpg 1024w\" sizes=\"(max-width: 300px) 100vw, 300px\" \/><\/a><\/p>\n<p>L&#8217;estudiant del M\u00e0ster en Enginyeria de Telecomunicaci\u00f3, de la Universitat Miguel Hern\u00e1ndez d&#8217;Elx, D. Juan Clement Bellido ha guanyat el premi COIT-AEIT al Millor Treball Fi de M\u00e0ster en Fonaments i Tecnologies B\u00e0siques de la Informaci\u00f3 i les Comunicacions, i els seus aplicacions &#8216;, a la XXXVII edici\u00f3 dels premis als Millors Projectes Fi de Carrera, Treballs Fi de M\u00e0ster, tesis doctorals i Millors Traject\u00f2ries acad\u00e8miques en Enginyeria de Telecomunicaci\u00f3 2016. Aquests premis nacionals s\u00f3n concedits anualment pel Col\u00b7legi Oficial d&#8217;Enginyers de Telecomunicaci\u00f3. En aquesta edici\u00f3 el jurat es va reunir el passat divendres 26 de maig, amb l&#8217;assist\u00e8ncia dels Directors d&#8217;Escoles d&#8217;Enginyeria de Telecomunicaci\u00f3 de tot Espanya, assistint en representaci\u00f3 de la UMH D. Miguel \u00c0ngel de la Casa Lillo, Director de l&#8217;EPSE.<\/p>\n<p>El treball fi de m\u00e0ster de D. Juan Clement titulat &#8216;Interrogaci\u00f3 incoherent de sensors de fibra \u00f2ptica basats en xarxes de Bragg mitjan\u00e7ant transformaci\u00f3 de longitud d&#8217;ona a retard de grup&#8217;, ha estat dirigit pels professors del Departament d&#8217;Enginyeria de Comunicacions de la UMH D. Carlos Rodr\u00edguez Fern\u00e1ndez-Pousa i D. Germ\u00e1n Torregrosa Penalva. D. Juan Clement continua actualment amb els seus estudis en la UMH gr\u00e0cies a una beca de formaci\u00f3 del personal investigador amb l&#8217;objectiu d&#8217;aconseguir el t\u00edtol de doctor.<\/p>\n<p>El treball de fi de m\u00e0ster presentat a la XXXVII edici\u00f3 dels premis consisteix en el desenvolupament d&#8217;un nou sistema reflectom\u00e9trico per espectrometria \u00f2ptica basat en un enlla\u00e7 dispersiu de fot\u00f2nica de microones (MWP, Microwave Photonics) amb capacitat per traduir variacions de longitud d&#8217;ona en variacions del retard (WTGDM, Wavelength To Group Delay Mapping), punt clau per a la realitzaci\u00f3 d&#8217;an\u00e0lisis espectrals. El disseny pot trobar aplicaci\u00f3 en camps com la monitoritzaci\u00f3 de tensi\u00f3 mec\u00e0nica en estructures o els detectors d&#8217;intrusi\u00f3, proporcionant una comunicaci\u00f3 segura i lliure d&#8217;interfer\u00e8ncies.<\/p>","protected":false},"excerpt":{"rendered":"<p>L&#8217;estudiant del M\u00e0ster en Enginyeria de Telecomunicaci\u00f3, de la Universitat Miguel Hern\u00e1ndez d&#8217;Elx, D. Juan Clement Bellido ha guanyat el premi COIT-AEIT al Millor Treball Fi de M\u00e0ster en Fonaments i Tecnologies B\u00e0siques de la Informaci\u00f3 i les Comunicacions, i els seus aplicacions &#8216;, a la XXXVII edici\u00f3 dels premis als Millors Projectes Fi de [&#8230;]<\/p>\n","protected":false},"author":1059,"featured_media":0,"comment_status":"closed","ping_status":"open","sticky":false,"template":"","format":"standard","meta":{"_links_to":"","_links_to_target":""},"categories":[20343,65,630,633,1,2145],"tags":[],"_links":{"self":[{"href":"https:\/\/epse.umh.es\/ca\/wp-json\/wp\/v2\/posts\/766"}],"collection":[{"href":"https:\/\/epse.umh.es\/ca\/wp-json\/wp\/v2\/posts"}],"about":[{"href":"https:\/\/epse.umh.es\/ca\/wp-json\/wp\/v2\/types\/post"}],"author":[{"embeddable":true,"href":"https:\/\/epse.umh.es\/ca\/wp-json\/wp\/v2\/users\/1059"}],"replies":[{"embeddable":true,"href":"https:\/\/epse.umh.es\/ca\/wp-json\/wp\/v2\/comments?post=766"}],"version-history":[{"count":0,"href":"https:\/\/epse.umh.es\/ca\/wp-json\/wp\/v2\/posts\/766\/revisions"}],"wp:attachment":[{"href":"https:\/\/epse.umh.es\/ca\/wp-json\/wp\/v2\/media?parent=766"}],"wp:term":[{"taxonomy":"category","embeddable":true,"href":"https:\/\/epse.umh.es\/ca\/wp-json\/wp\/v2\/categories?post=766"},{"taxonomy":"post_tag","embeddable":true,"href":"https:\/\/epse.umh.es\/ca\/wp-json\/wp\/v2\/tags?post=766"}],"curies":[{"name":"wp","href":"https:\/\/api.w.org\/{rel}","templated":true}]}}